{"id":53016,"date":"2019-02-11T23:48:25","date_gmt":"2019-02-11T22:48:25","guid":{"rendered":"https:\/\/worldofflowerpots.com\/blumenkuebel-fiberglas-in-ral-farben\/"},"modified":"2019-02-11T23:48:25","modified_gmt":"2019-02-11T22:48:25","slug":"blumenkuebel-fiberglas-in-ral-farben","status":"publish","type":"post","link":"https:\/\/worldofflowerpots.com\/aut\/blumenkuebel-fiberglas-in-ral-farben\/","title":{"rendered":"Blumenk\u00fcbel fiberglas in RAL Farben"},"content":{"rendered":"<p>Unsere Fiberglas Blumenk\u00fcbel \u00fcberzeugen nicht nur durch ihr Aussehen, sondern vor allem durch ihre Beschaffenheit. Durch die Mischung aus Kunststoff und Glasfasern entsteht so ein extrem belastbares Material mit sch\u00f6ner, markanter Oberfl\u00e4chenstruktur. Ein weiterer Vorteil ist das geringe Gewicht, denn die Blumenk\u00fcbel Fiberglas wiegen trotz ihrer Abmessungen bis zu 70 Prozent weniger als herk\u00f6mmliche Pflanzgef\u00e4\u00dfe aus Stein oder Keramik. Pflanzk\u00fcbel aus Fiberglas bringen in erster Linie sehr viele Vorteile mit sich. Das Material gl\u00e4nzt durch seine hohe Stabilit\u00e4t und Leichtigkeit, durch die es sich von anderen Materialien stark abhebt. Es ist robust gegen den Einfluss von Sonne und somit gegen UV-Strahlung. Aber auch sonstige Witterungsverh\u00e4ltnisse k\u00f6nnen die Blumenk\u00fcbel aus Fiberglas nicht beeindrucken. Selbst Kratzer oder St\u00f6\u00dfe k\u00f6nnen ihnen und ihrem eleganten \u00c4u\u00dferen nichts anhaben. Ein weiterer Vorteil besteht darin, dass die Pflege sehr leicht und zeitsparend von der Hand geht. Das frostbest\u00e4ndige Material ist des Weiteren extrem langlebig und isoliert gut, was im Winter f\u00fcr die Pflanzen sehr wichtig sein kann, wenn diese im Freien \u00fcberwintern sollen. Unser Blumenk\u00fcbel Fiberglas Sortiment umfasst verschiedenste Formen aus denen Sie w\u00e4hlen k\u00f6nnen: ob schlicht eckig oder elegant rund. F\u00fcr jeden Geschmack ist etwas dabei. Kombiniert mit ausdrucksstarken Farben bieten die Fiberglas Blumenk\u00fcbel und Schalen faszinierende M\u00f6glichkeiten f\u00fcr die Garten- oder Raumgestaltung ganz im Stil der aktuellen Einrichtungstrends. Wir bieten Ihnen hier verschiedene RAL-Farben zur Auswahl. Als RAL-Farbe bezeichnet man \u00fcbrigens genormte Farben, die vom RAL-Institut erstellt und verwaltet werden. Hier handelt es sich um weltweit eingesetzte Farbkataloge, die normierte und mit eindeutigen Nummern versehene Farben umfassen. Auf diese Weise kann anhand der Farbnummern pr\u00e4zise der Farbton bestimmt werden. So bringen zum Beispiel die sehr beliebten Farben Anthrazit und Grau kompromisslos modern die stylischen eckigen, ovalen und runden Formen unserer Fiberglas Blumenk\u00fcbel optimal zur Geltung.\u00a0Inspiration und Farbtupfer f\u00fcr jede Umgebung verleiht ein kr\u00e4ftiges Rot. Edel und klassisch wirken die Blumenk\u00fcbel Fiberglas in reinem Weiss. In jeder gew\u00e4hlten Farbe bringen die Blumenk\u00fcbel eine komfortable Leichtigkeit in jeden Au\u00dfen- oder Innenbereich. Auf Balkon oder Terrasse entsteht so eine gem\u00fctliche Atmosph\u00e4re, die Tradition und Moderne kombiniert. W\u00e4hlen Sie Ihre Lieblingsfarbe und kombinieren Sie diese mit der favorisierten Form.<\/p>\n<p>&nbsp;<\/p>\n<p><img loading=\"lazy\" decoding=\"async\" class=\"alignnone size-large wp-image-1323\" src=\"http:\/\/worldofflowerpots.de\/wp-content\/uploads\/2017\/01\/gfk-material-foto-1024x576.jpg\" alt=\"GFK material foto\" width=\"1024\" height=\"576\" \/><\/p>\n","protected":false},"excerpt":{"rendered":"<p>Unsere Fiberglas Blumenk\u00fcbel \u00fcberzeugen nicht nur durch ihr Aussehen, sondern vor allem durch ihre Beschaffenheit. Durch die Mischung aus Kunststoff und Glasfasern entsteht so ein extrem belastbares Material mit sch\u00f6ner, markanter Oberfl\u00e4chenstruktur. Ein weiterer Vorteil ist das geringe Gewicht, denn die Blumenk\u00fcbel Fiberglas wiegen trotz ihrer Abmessungen bis zu 70 Prozent weniger als herk\u00f6mmliche Pflanzgef\u00e4\u00dfe&hellip;<\/p>\n","protected":false},"author":2,"featured_media":59793,"comment_status":"closed","ping_status":"open","sticky":false,"template":"","format":"standard","meta":{"_acf_changed":false},"categories":[305],"tags":[],"class_list":["post-53016","post","type-post","status-publish","format-standard","has-post-thumbnail","hentry","category-pflanzkuebel-fiberglas-aut","category-305","description-off"],"acf":[],"yoast_head":"<!-- This site is optimized with the Yoast SEO plugin v27.5 - https:\/\/yoast.com\/product\/yoast-seo-wordpress\/ -->\n<title>Blumenk\u00fcbel fiberglas in RAL Farben | World of Flowerpots<\/title>\n<meta name=\"description\" content=\"blumenkuebel-fiberglas-in-ral-farben\" \/>\n<meta name=\"robots\" content=\"index, follow, max-snippet:-1, max-image-preview:large, max-video-preview:-1\" \/>\n<link rel=\"canonical\" href=\"https:\/\/worldofflowerpots.com\/blumenkuebel-fiberglas-in-ral-farben\/\" \/>\n<meta property=\"og:locale\" content=\"de_DE\" \/>\n<meta property=\"og:type\" content=\"article\" \/>\n<meta property=\"og:title\" content=\"Blumenk\u00fcbel fiberglas in RAL Farben | World of Flowerpots\" \/>\n<meta property=\"og:description\" content=\"blumenkuebel-fiberglas-in-ral-farben\" \/>\n<meta property=\"og:url\" content=\"https:\/\/worldofflowerpots.com\/blumenkuebel-fiberglas-in-ral-farben\/\" \/>\n<meta property=\"og:site_name\" content=\"World of Flowerpots\" \/>\n<meta property=\"article:published_time\" content=\"2019-02-11T22:48:25+00:00\" \/>\n<meta property=\"og:image\" content=\"https:\/\/worldofflowerpots.com\/wp-content\/uploads\/2017\/01\/Blumenk\u00fcbel-fiberglas-in-RAL-Farben.jpg\" \/>\n\t<meta property=\"og:image:width\" content=\"1920\" \/>\n\t<meta property=\"og:image:height\" content=\"1080\" \/>\n\t<meta property=\"og:image:type\" content=\"image\/jpeg\" \/>\n<meta name=\"author\" content=\"wof-developer\" \/>\n<meta name=\"twitter:card\" content=\"summary_large_image\" \/>\n<meta name=\"twitter:label1\" content=\"Written by\" \/>\n\t<meta name=\"twitter:data1\" content=\"wof-developer\" \/>\n\t<meta name=\"twitter:label2\" content=\"Est. reading time\" \/>\n\t<meta name=\"twitter:data2\" content=\"2 minutes\" \/>\n<script type=\"application\/ld+json\" class=\"yoast-schema-graph\">{\"@context\":\"https:\\\/\\\/schema.org\",\"@graph\":[{\"@type\":\"Article\",\"@id\":\"https:\\\/\\\/worldofflowerpots.com\\\/blumenkuebel-fiberglas-in-ral-farben\\\/#article\",\"isPartOf\":{\"@id\":\"https:\\\/\\\/worldofflowerpots.com\\\/blumenkuebel-fiberglas-in-ral-farben\\\/\"},\"author\":{\"name\":\"wof-developer\",\"@id\":\"https:\\\/\\\/worldofflowerpots.com\\\/#\\\/schema\\\/person\\\/ab99b7f1dd4424a605d7245e71318a43\"},\"headline\":\"Blumenk\u00fcbel fiberglas in RAL Farben\",\"datePublished\":\"2019-02-11T22:48:25+00:00\",\"mainEntityOfPage\":{\"@id\":\"https:\\\/\\\/worldofflowerpots.com\\\/blumenkuebel-fiberglas-in-ral-farben\\\/\"},\"wordCount\":393,\"image\":{\"@id\":\"https:\\\/\\\/worldofflowerpots.com\\\/blumenkuebel-fiberglas-in-ral-farben\\\/#primaryimage\"},\"thumbnailUrl\":\"https:\\\/\\\/worldofflowerpots.com\\\/wp-content\\\/uploads\\\/2017\\\/01\\\/Blumenk\u00fcbel-fiberglas-in-RAL-Farben.jpg\",\"articleSection\":[\"Pflanzk\u00fcbel Fiberglas\"],\"inLanguage\":\"de-AUT\"},{\"@type\":\"WebPage\",\"@id\":\"https:\\\/\\\/worldofflowerpots.com\\\/blumenkuebel-fiberglas-in-ral-farben\\\/\",\"url\":\"https:\\\/\\\/worldofflowerpots.com\\\/blumenkuebel-fiberglas-in-ral-farben\\\/\",\"name\":\"Blumenk\u00fcbel fiberglas in RAL Farben | World of Flowerpots\",\"isPartOf\":{\"@id\":\"https:\\\/\\\/worldofflowerpots.com\\\/#website\"},\"primaryImageOfPage\":{\"@id\":\"https:\\\/\\\/worldofflowerpots.com\\\/blumenkuebel-fiberglas-in-ral-farben\\\/#primaryimage\"},\"image\":{\"@id\":\"https:\\\/\\\/worldofflowerpots.com\\\/blumenkuebel-fiberglas-in-ral-farben\\\/#primaryimage\"},\"thumbnailUrl\":\"https:\\\/\\\/worldofflowerpots.com\\\/wp-content\\\/uploads\\\/2017\\\/01\\\/Blumenk\u00fcbel-fiberglas-in-RAL-Farben.jpg\",\"datePublished\":\"2019-02-11T22:48:25+00:00\",\"author\":{\"@id\":\"https:\\\/\\\/worldofflowerpots.com\\\/#\\\/schema\\\/person\\\/ab99b7f1dd4424a605d7245e71318a43\"},\"description\":\"blumenkuebel-fiberglas-in-ral-farben\",\"breadcrumb\":{\"@id\":\"https:\\\/\\\/worldofflowerpots.com\\\/blumenkuebel-fiberglas-in-ral-farben\\\/#breadcrumb\"},\"inLanguage\":\"de-AUT\",\"potentialAction\":[{\"@type\":\"ReadAction\",\"target\":[\"https:\\\/\\\/worldofflowerpots.com\\\/blumenkuebel-fiberglas-in-ral-farben\\\/\"]}]},{\"@type\":\"ImageObject\",\"inLanguage\":\"de-AUT\",\"@id\":\"https:\\\/\\\/worldofflowerpots.com\\\/blumenkuebel-fiberglas-in-ral-farben\\\/#primaryimage\",\"url\":\"https:\\\/\\\/worldofflowerpots.com\\\/wp-content\\\/uploads\\\/2017\\\/01\\\/Blumenk\u00fcbel-fiberglas-in-RAL-Farben.jpg\",\"contentUrl\":\"https:\\\/\\\/worldofflowerpots.com\\\/wp-content\\\/uploads\\\/2017\\\/01\\\/Blumenk\u00fcbel-fiberglas-in-RAL-Farben.jpg\",\"width\":1920,\"height\":1080},{\"@type\":\"BreadcrumbList\",\"@id\":\"https:\\\/\\\/worldofflowerpots.com\\\/blumenkuebel-fiberglas-in-ral-farben\\\/#breadcrumb\",\"itemListElement\":[{\"@type\":\"ListItem\",\"position\":1,\"name\":\"Strona g\u0142\u00f3wna\",\"item\":\"https:\\\/\\\/worldofflowerpots.com\\\/home\\\/\"},{\"@type\":\"ListItem\",\"position\":2,\"name\":\"Blumenk\u00fcbel fiberglas in RAL Farben\"}]},{\"@type\":\"WebSite\",\"@id\":\"https:\\\/\\\/worldofflowerpots.com\\\/#website\",\"url\":\"https:\\\/\\\/worldofflowerpots.com\\\/\",\"name\":\"World of Flowerpots\",\"description\":\"producent donic ozdobnych\",\"potentialAction\":[{\"@type\":\"SearchAction\",\"target\":{\"@type\":\"EntryPoint\",\"urlTemplate\":\"https:\\\/\\\/worldofflowerpots.com\\\/?s={search_term_string}\"},\"query-input\":{\"@type\":\"PropertyValueSpecification\",\"valueRequired\":true,\"valueName\":\"search_term_string\"}}],\"inLanguage\":\"de-AUT\"},{\"@type\":\"Person\",\"@id\":\"https:\\\/\\\/worldofflowerpots.com\\\/#\\\/schema\\\/person\\\/ab99b7f1dd4424a605d7245e71318a43\",\"name\":\"wof-developer\",\"image\":{\"@type\":\"ImageObject\",\"inLanguage\":\"de-AUT\",\"@id\":\"https:\\\/\\\/secure.gravatar.com\\\/avatar\\\/c89d65540118811d9a7fa51da671f06f53ed1e95b510dbb4d4b14e1c74a2c417?s=96&d=mm&r=g\",\"url\":\"https:\\\/\\\/secure.gravatar.com\\\/avatar\\\/c89d65540118811d9a7fa51da671f06f53ed1e95b510dbb4d4b14e1c74a2c417?s=96&d=mm&r=g\",\"contentUrl\":\"https:\\\/\\\/secure.gravatar.com\\\/avatar\\\/c89d65540118811d9a7fa51da671f06f53ed1e95b510dbb4d4b14e1c74a2c417?s=96&d=mm&r=g\",\"caption\":\"wof-developer\"}}]}<\/script>\n<!-- \/ Yoast SEO plugin. -->","yoast_head_json":{"title":"Blumenk\u00fcbel fiberglas in RAL Farben | World of Flowerpots","description":"blumenkuebel-fiberglas-in-ral-farben","robots":{"index":"index","follow":"follow","max-snippet":"max-snippet:-1","max-image-preview":"max-image-preview:large","max-video-preview":"max-video-preview:-1"},"canonical":"https:\/\/worldofflowerpots.com\/blumenkuebel-fiberglas-in-ral-farben\/","og_locale":"de_DE","og_type":"article","og_title":"Blumenk\u00fcbel fiberglas in RAL Farben | World of Flowerpots","og_description":"blumenkuebel-fiberglas-in-ral-farben","og_url":"https:\/\/worldofflowerpots.com\/blumenkuebel-fiberglas-in-ral-farben\/","og_site_name":"World of Flowerpots","article_published_time":"2019-02-11T22:48:25+00:00","og_image":[{"width":1920,"height":1080,"url":"https:\/\/worldofflowerpots.com\/wp-content\/uploads\/2017\/01\/Blumenk\u00fcbel-fiberglas-in-RAL-Farben.jpg","type":"image\/jpeg"}],"author":"wof-developer","twitter_card":"summary_large_image","twitter_misc":{"Written by":"wof-developer","Est. reading time":"2 minutes"},"schema":{"@context":"https:\/\/schema.org","@graph":[{"@type":"Article","@id":"https:\/\/worldofflowerpots.com\/blumenkuebel-fiberglas-in-ral-farben\/#article","isPartOf":{"@id":"https:\/\/worldofflowerpots.com\/blumenkuebel-fiberglas-in-ral-farben\/"},"author":{"name":"wof-developer","@id":"https:\/\/worldofflowerpots.com\/#\/schema\/person\/ab99b7f1dd4424a605d7245e71318a43"},"headline":"Blumenk\u00fcbel fiberglas in RAL Farben","datePublished":"2019-02-11T22:48:25+00:00","mainEntityOfPage":{"@id":"https:\/\/worldofflowerpots.com\/blumenkuebel-fiberglas-in-ral-farben\/"},"wordCount":393,"image":{"@id":"https:\/\/worldofflowerpots.com\/blumenkuebel-fiberglas-in-ral-farben\/#primaryimage"},"thumbnailUrl":"https:\/\/worldofflowerpots.com\/wp-content\/uploads\/2017\/01\/Blumenk\u00fcbel-fiberglas-in-RAL-Farben.jpg","articleSection":["Pflanzk\u00fcbel Fiberglas"],"inLanguage":"de-AUT"},{"@type":"WebPage","@id":"https:\/\/worldofflowerpots.com\/blumenkuebel-fiberglas-in-ral-farben\/","url":"https:\/\/worldofflowerpots.com\/blumenkuebel-fiberglas-in-ral-farben\/","name":"Blumenk\u00fcbel fiberglas in RAL Farben | World of Flowerpots","isPartOf":{"@id":"https:\/\/worldofflowerpots.com\/#website"},"primaryImageOfPage":{"@id":"https:\/\/worldofflowerpots.com\/blumenkuebel-fiberglas-in-ral-farben\/#primaryimage"},"image":{"@id":"https:\/\/worldofflowerpots.com\/blumenkuebel-fiberglas-in-ral-farben\/#primaryimage"},"thumbnailUrl":"https:\/\/worldofflowerpots.com\/wp-content\/uploads\/2017\/01\/Blumenk\u00fcbel-fiberglas-in-RAL-Farben.jpg","datePublished":"2019-02-11T22:48:25+00:00","author":{"@id":"https:\/\/worldofflowerpots.com\/#\/schema\/person\/ab99b7f1dd4424a605d7245e71318a43"},"description":"blumenkuebel-fiberglas-in-ral-farben","breadcrumb":{"@id":"https:\/\/worldofflowerpots.com\/blumenkuebel-fiberglas-in-ral-farben\/#breadcrumb"},"inLanguage":"de-AUT","potentialAction":[{"@type":"ReadAction","target":["https:\/\/worldofflowerpots.com\/blumenkuebel-fiberglas-in-ral-farben\/"]}]},{"@type":"ImageObject","inLanguage":"de-AUT","@id":"https:\/\/worldofflowerpots.com\/blumenkuebel-fiberglas-in-ral-farben\/#primaryimage","url":"https:\/\/worldofflowerpots.com\/wp-content\/uploads\/2017\/01\/Blumenk\u00fcbel-fiberglas-in-RAL-Farben.jpg","contentUrl":"https:\/\/worldofflowerpots.com\/wp-content\/uploads\/2017\/01\/Blumenk\u00fcbel-fiberglas-in-RAL-Farben.jpg","width":1920,"height":1080},{"@type":"BreadcrumbList","@id":"https:\/\/worldofflowerpots.com\/blumenkuebel-fiberglas-in-ral-farben\/#breadcrumb","itemListElement":[{"@type":"ListItem","position":1,"name":"Strona g\u0142\u00f3wna","item":"https:\/\/worldofflowerpots.com\/home\/"},{"@type":"ListItem","position":2,"name":"Blumenk\u00fcbel fiberglas in RAL Farben"}]},{"@type":"WebSite","@id":"https:\/\/worldofflowerpots.com\/#website","url":"https:\/\/worldofflowerpots.com\/","name":"World of Flowerpots","description":"producent donic ozdobnych","potentialAction":[{"@type":"SearchAction","target":{"@type":"EntryPoint","urlTemplate":"https:\/\/worldofflowerpots.com\/?s={search_term_string}"},"query-input":{"@type":"PropertyValueSpecification","valueRequired":true,"valueName":"search_term_string"}}],"inLanguage":"de-AUT"},{"@type":"Person","@id":"https:\/\/worldofflowerpots.com\/#\/schema\/person\/ab99b7f1dd4424a605d7245e71318a43","name":"wof-developer","image":{"@type":"ImageObject","inLanguage":"de-AUT","@id":"https:\/\/secure.gravatar.com\/avatar\/c89d65540118811d9a7fa51da671f06f53ed1e95b510dbb4d4b14e1c74a2c417?s=96&d=mm&r=g","url":"https:\/\/secure.gravatar.com\/avatar\/c89d65540118811d9a7fa51da671f06f53ed1e95b510dbb4d4b14e1c74a2c417?s=96&d=mm&r=g","contentUrl":"https:\/\/secure.gravatar.com\/avatar\/c89d65540118811d9a7fa51da671f06f53ed1e95b510dbb4d4b14e1c74a2c417?s=96&d=mm&r=g","caption":"wof-developer"}}]}},"_links":{"self":[{"href":"https:\/\/worldofflowerpots.com\/aut\/wp-json\/wp\/v2\/posts\/53016","targetHints":{"allow":["GET"]}}],"collection":[{"href":"https:\/\/worldofflowerpots.com\/aut\/wp-json\/wp\/v2\/posts"}],"about":[{"href":"https:\/\/worldofflowerpots.com\/aut\/wp-json\/wp\/v2\/types\/post"}],"author":[{"embeddable":true,"href":"https:\/\/worldofflowerpots.com\/aut\/wp-json\/wp\/v2\/users\/2"}],"replies":[{"embeddable":true,"href":"https:\/\/worldofflowerpots.com\/aut\/wp-json\/wp\/v2\/comments?post=53016"}],"version-history":[{"count":0,"href":"https:\/\/worldofflowerpots.com\/aut\/wp-json\/wp\/v2\/posts\/53016\/revisions"}],"wp:featuredmedia":[{"embeddable":true,"href":"https:\/\/worldofflowerpots.com\/aut\/wp-json\/wp\/v2\/media\/59793"}],"wp:attachment":[{"href":"https:\/\/worldofflowerpots.com\/aut\/wp-json\/wp\/v2\/media?parent=53016"}],"wp:term":[{"taxonomy":"category","embeddable":true,"href":"https:\/\/worldofflowerpots.com\/aut\/wp-json\/wp\/v2\/categories?post=53016"},{"taxonomy":"post_tag","embeddable":true,"href":"https:\/\/worldofflowerpots.com\/aut\/wp-json\/wp\/v2\/tags?post=53016"}],"curies":[{"name":"wp","href":"https:\/\/api.w.org\/{rel}","templated":true}]}}